{"id":1262,"date":"2019-11-20T15:41:12","date_gmt":"2019-11-20T15:41:12","guid":{"rendered":"http:\/\/cyclingtravel.com\/?p=1262"},"modified":"2020-08-11T13:04:16","modified_gmt":"2020-08-11T13:04:16","slug":"granfondo-milan-san-remo-bike-race-2021","status":"publish","type":"post","link":"http:\/\/cyclingtravel.com\/en\/granfondo-milan-san-remo-bike-race-2021\/","title":{"rendered":"Granfondo Milan-San Remo Bike Race 2021"},"content":{"rendered":"<p>[et_pb_section fb_built=&#8221;1&#8243; admin_label=&#8221;section&#8221; _builder_version=&#8221;3.22&#8243; fb_built=&#8221;1&#8243; _i=&#8221;0&#8243; _address=&#8221;0&#8243;][et_pb_row admin_label=&#8221;row&#8221; _builder_version=&#8221;3.25&#8243; background_size=&#8221;initial&#8221; background_position=&#8221;top_left&#8221; background_repeat=&#8221;repeat&#8221; _i=&#8221;0&#8243; _address=&#8221;0.0&#8243;][et_pb_column type=&#8221;4_4&#8243; _builder_version=&#8221;3.25&#8243; custom_padding=&#8221;|||&#8221; _i=&#8221;0&#8243; _address=&#8221;0.0.0&#8243; custom_padding__hover=&#8221;|||&#8221;][et_pb_text admin_label=&#8221;Text&#8221; _builder_version=&#8221;3.29.3&#8243; background_size=&#8221;initial&#8221; background_position=&#8221;top_left&#8221; background_repeat=&#8221;repeat&#8221; _i=&#8221;0&#8243; _address=&#8221;0.0.0.0&#8243;]<\/p>\n<h3>The Milan &#8211; San Remo, the &#8220;Spring Classicissima&#8221; is the great classic that opens the international circuit of road cycling in March.<\/h3>\n<p><!--more--><\/p>\n<p>&nbsp;<\/p>\n<h4><strong>Exclusive &#8220;Go Cyling!&#8221; Package in GOLD grid<\/strong><\/h4>\n<p>&nbsp;<\/p>\n<p><strong><br \/>\nTourist package 3 days &#8211; 2 nights\u00a0<\/strong>[\/et_pb_text][et_pb_tabs _builder_version=&#8221;3.29.3&#8243; _i=&#8221;1&#8243; _address=&#8221;0.0.0.1&#8243;][et_pb_tab title=&#8221;Granfondo&#8221; _builder_version=&#8221;3.29.3&#8243; _i=&#8221;0&#8243; _address=&#8221;0.0.0.1.0&#8243;]Established in 1907, it is one of the longest running in line cycling routes at world level and holds the absolute record for the length of the course. Over the course of the 100 years of the race the route has changed slightly, with the addition of several climbs that have entered into the history of cycling: the <strong>Turchino<\/strong> that separates the Po Valley from the Ligurian Riviera has been joined by the <strong>Poggio di Sanremo<\/strong> in 1960, the <strong>Cipressa<\/strong> in 1982 and the <strong>Manie<\/strong> in 2008.<\/p>\n<h4>The <strong>Granfondo Milan &#8211; San Remo <\/strong>is the amateur cicloturistica event that takes place in June and follows the same roads as the Milan &#8211; San Remo professionals race.<\/h4>\n<p>Established in 1970, the <strong>Granfondo Milan &#8211; San Remo<\/strong> starts from the Congress Center of Milanofiori, then you enter the Pavese state road until you arrive at the foot of the Apennines, to test yourself on the ascent of the Turchino and descend to see the sea near Genoa.\u00a0 From here you take the Aurelia state road towards the west, with the significant and demanding detours of the Cipressa\u00a0 and the Poggio di Sanremo, and on to the finish line in Corso Garibaldi in San Remo, at the Palafiori Congress Center.<\/p>\n<p>The only differences from the professional race are the location of the start and the arrival, and the ascent of the Manie which is not included. However the sensation of testing yourself on all the historic stages of the race remains:\u00a0 climbing up to the Turchino and from there confronting the descent with the\u00a0 Ligurian Sea in the background, then covering the entire Ligurian Riviera, going by the seaside resorts, and then facing the \u00a0 Cipressa and the Poggio, the scene of so many dramatic great escapes.<\/p>\n<p>The range of cyclists facing the\u00a0 Granfondo Milan &#8211; San Remo is very diverse, with those who love real challenges on the one hand,\u00a0 who cover the roughly 300 km from Milan to San Remo in under 8 hours, and to those who, on the other hand, interpret the event with the spirit of the cicloturistica, even declining the timing chip.<\/p>\n<p>&nbsp;[\/et_pb_tab][et_pb_tab title=&#8221;Program&#8221; _builder_version=&#8221;3.29.3&#8243; _i=&#8221;1&#8243; _address=&#8221;0.0.0.1.1&#8243;]Saturday<\/p>\n<ul>\n<li>Flight arriving at Milan Malpensa (MXP), Milan Linate (LIN) or Milan-Bergamo Orio al Serio (BGY) (optional)<\/li>\n<li>Private transfer from airport to affiliated hotel (4 star) including bicycle (optional)<\/li>\n<li>Dinner in hotel<\/li>\n<li>Overnight stay<\/li>\n<\/ul>\n<p>Sunday<\/p>\n<ul>\n<li>5:00 am breadfast<\/li>\n<li>Delivery and transport of baggage to San Remo taken care of by the organization<\/li>\n<li>7:00 am start of the race<\/li>\n<li>Arrival in San Remo, shower and pasta party<\/li>\n<li>Transfer from the finish to the affiliated hotel (4 star) including bicycle<\/li>\n<li>Dinner in hotel<\/li>\n<li>Overnight stay<\/li>\n<\/ul>\n<p>Monday<\/p>\n<ul>\n<li>Private transfer from hotel to Nice airport (NCE), including bicycle (optional)<\/li>\n<li>Departing flight (optional)<\/li>\n<\/ul>\n<p>[\/et_pb_tab][et_pb_tab title=&#8221;Cost of participation&#8221; _builder_version=&#8221;3.29.3&#8243; _i=&#8221;2&#8243; _address=&#8221;0.0.0.1.2&#8243;]<\/p>\n<h3>Cost of participation in double room: \u20ac 390.00<\/h3>\n<p>Cost to companion in double room: \u20ac 310.00<br \/>\nSingle room supplement: \u20ac 100.00<\/p>\n<p>The cost includes:<\/p>\n<ul>\n<li>registration to the race in GOLD grid<\/li>\n<li>1 dinner and overnight stay in double room in\u00a0 Milan<\/li>\n<li>breakfast at 5:00 am on the day of the race with carbohydrate reinforcement<\/li>\n<li>transport of baggage from the start to San Remo<\/li>\n<li>pasta party<\/li>\n<li>transport from the finish to hotel in San Remo, including bicycle<\/li>\n<li>1 dinner and overnight stay in double room in San Remo<\/li>\n<li>breakfast<\/li>\n<li>transfer from San Remo to Milan, including bicycle<\/li>\n<\/ul>\n<p>The cost does not include:<\/p>\n<ul>\n<li>return flights<\/li>\n<li>anything\u00a0 that is not described in &#8220;the cost includes&#8221;<\/li>\n<\/ul>\n<p>[\/et_pb_tab][et_pb_tab title=&#8221;Services on request&#8221; _builder_version=&#8221;3.29.3&#8243; _i=&#8221;3&#8243; _address=&#8221;0.0.0.1.3&#8243;]<\/p>\n<h4>The proposed package can be customized according to your requirements.<\/h4>\n<p>Services on request:<\/p>\n<ul>\n<li>return flights by air \/ train \/ ferry<\/li>\n<li>airport transfers<\/li>\n<li>accommodation in single or multiple bed rooms<\/li>\n<li>any extensions on the stay<\/li>\n<\/ul>\n<h4><\/h4>\n<p>[\/et_pb_tab][\/et_pb_tabs][\/et_pb_column][\/et_pb_row][et_pb_row column_structure=&#8221;1_3,1_3,1_3&#8243; _builder_version=&#8221;3.29.3&#8243; _i=&#8221;1&#8243; _address=&#8221;0.1&#8243;][et_pb_column type=&#8221;1_3&#8243; _builder_version=&#8221;3.29.3&#8243; _i=&#8221;0&#8243; _address=&#8221;0.1.0&#8243;][\/et_pb_column][et_pb_column type=&#8221;1_3&#8243; _builder_version=&#8221;3.29.3&#8243; _i=&#8221;1&#8243; _address=&#8221;0.1.1&#8243;][et_pb_text _builder_version=&#8221;3.29.3&#8243; _i=&#8221;0&#8243; _address=&#8221;0.1.1.0&#8243;]<\/p>\n<h3 style=\"text-align: center;\">ONLY 20 PLACES AVAILABLE<\/h3>\n<p>[\/et_pb_text][\/et_pb_column][et_pb_column type=&#8221;1_3&#8243; _builder_version=&#8221;3.29.3&#8243; _i=&#8221;2&#8243; _address=&#8221;0.1.2&#8243;][\/et_pb_column][\/et_pb_row][et_pb_row column_structure=&#8221;1_3,1_3,1_3&#8243; _builder_version=&#8221;3.29.3&#8243; _i=&#8221;2&#8243; _address=&#8221;0.2&#8243;][et_pb_column type=&#8221;1_3&#8243; _builder_version=&#8221;3.29.3&#8243; _i=&#8221;0&#8243; _address=&#8221;0.2.0&#8243;][\/et_pb_column][et_pb_column type=&#8221;1_3&#8243; _builder_version=&#8221;3.29.3&#8243; _i=&#8221;1&#8243; _address=&#8221;0.2.1&#8243;][et_pb_button button_url=&#8221;https:\/\/cyclingtravel.com\/prenotazioni\/&#8221; button_text=&#8221;BOOK&#8221; button_alignment=&#8221;center&#8221; admin_label=&#8221;Pulsante&#8221; _builder_version=&#8221;3.29.3&#8243; _i=&#8221;0&#8243; _address=&#8221;0.2.1.0&#8243;][\/et_pb_button][\/et_pb_column][et_pb_column type=&#8221;1_3&#8243; _builder_version=&#8221;3.29.3&#8243; _i=&#8221;2&#8243; _address=&#8221;0.2.2&#8243;][\/et_pb_column][\/et_pb_row][\/et_pb_section]<\/p>\n","protected":false},"excerpt":{"rendered":"<p>The Granfondo Milan &#8211; San Remo is the amateur cicloturistica event that takes place in June and follows the same roads as the Milan &#8211; San Remo race for professionals. <\/p>\n","protected":false},"author":1,"featured_media":1244,"comment_status":"closed","ping_status":"open","sticky":false,"template":"","format":"standard","meta":{"_acf_changed":false,"_et_pb_use_builder":"on","_et_pb_old_content":"<h3>La Milano - Sanremo, la \"Classicissima di primavera\" \u00e8 la grande classica che nel mese di marzo apre il circuito internazionale del ciclismo su strada.<\/h3>\r\n<!--more-->\r\n\r\nNata nel 1907, \u00e8 una delle pi\u00f9 longeve corse ciclistiche in linea a livello mondiale e detiene il record assoluto per la lunghezza del percorso. Nel corso dei 100 anni della gara il percorso \u00e8 leggermente mutato, con l'inserimento di alcune salite che sono entrate nella storia del ciclismo: al <strong>Turchino<\/strong> che separa la pianura Padana dalla Riviera ligure, si sono affiancate il <strong>Poggio di Sanremo<\/strong>\u00a0nel 1960, la <strong>Cipressa<\/strong> nel 1982 e le <strong>Manie<\/strong> nel 2008.\r\n<h4>La <strong>Granfondo Milano - Sanremo<\/strong> \u00e8 la manifestazione cicloturistica amatoriale che si svolge nel mese di giugno e ripercorre le medesime strade della Milano - Sanremo professionisti.<\/h4>\r\nNata nel 1970, la <strong>Granfondo Milano - Sanremo<\/strong>, parte dal centro congressi di Milanofiori, poi ci si immette sulla strada statale Pavese sino ad arrivare ai piedi dell'Appennino, per cimentarsi sulla salita del Turchino e scendere a vedere il mare nelle vicinanze di Genova. Da qui si percorre la strada statale Aurelia verso ponente, con le significative ed impegnative deviazioni della Cipressa e del Poggio di Sanremo, fino al traguardo fissato in corso Garibaldi a Sanremo, presso il centro congressi Palafiori.\r\n\r\nLe uniche differenze con la gara professionisti sono la sede della partenza e dell'arrivo e la salita delle Manie che non si percorre. Resta per\u00f2 tutto il sapore di cimentarsi su tutti i tratti storici della gara: salire fino al Turchino e da l\u00ec affrontare la discesa con lo sfondo del Mar Ligure, poi percorrere tutta la Riviera di Ponente attraversando le localit\u00e0 balneari della costa, strette fra mare e monti, e poi affrontare la Cipressa e il Poggio, laddove tante volte sono nate le grandi fughe.\r\n\r\nLa platea di ciclisti che affronta la Granfondo Milano - Sanremo \u00e8 molto diversificata, con da un lato coloro che amano le vere sfide, i quali percorrono i ca. 300 km da Milano a Sanremo in un tempo inferiore alle 8 ore, e coloro che invece interpretano la manifestazione con lo spirito del cicloturista puro, rinunciando anche al chip del cronometraggio.\r\n\r\n\u00a0\r\n<h4><strong>Pacchetto turistico 3 giorni - 2 notti<\/strong><\/h4>\r\n[tabby title=\"Programma\"]\r\n\r\nsabato\r\n<ul>\r\n \t<li>Arrivo a Milano Malpensa (MXP), Milano Linate (LIN) o Milano-Bergamo Orio al Serio (BGY)<\/li>\r\n \t<li>Transfer privato dall\u2019aeroporto all\u2019hotel convenzionato (4 stelle), compresa la bici<\/li>\r\n \t<li>Cena in hotel<\/li>\r\n \t<li>Pernottamento<\/li>\r\n<\/ul>\r\ndomenica\r\n<ul>\r\n \t<li>5:00 prima colazione<\/li>\r\n \t<li>Consegna e trasporto bagagli a Sanremo a cura dell'organizzazione<\/li>\r\n \t<li>7:00 partenza della gara<\/li>\r\n \t<li>Arrivo a Sanremo, doccia e pasta party<\/li>\r\n \t<li>Transfer dall\u2019arrivo all\u2019hotel convenzionato (4 stelle), compresa la bici<\/li>\r\n \t<li>Cena in hotel<\/li>\r\n \t<li>Pernottamento<\/li>\r\n<\/ul>\r\nluned\u00ec\r\n<ul>\r\n \t<li>Transfer privato dall\u2019hotel all\u2019aeroporto di Nizza (NCE), compresa la bici<\/li>\r\n \t<li>Partenza<\/li>\r\n<\/ul>\r\n[tabby title=\"Quote di partecipazione\"]\r\n<h4><strong>quota individuale: su richiesta<\/strong><\/h4>\r\n<h4><strong>quota gruppi : su richiesta<\/strong><\/h4>\r\nLa quota individuale si intende valida per minimo 2 persone\r\nla quota gruppi si intende valida per gruppi di almeno 20 persone\r\n\r\n[tabby title=\"La quota comprende\"]\r\n\r\nLa quota comprende:\r\n<ul>\r\n \t<li>iscrizione alla gara<\/li>\r\n \t<li>transfer dall\u2019aeroporto di Milano\/Bergamo all\u2019hotel, compresa la bici<\/li>\r\n \t<li>cena e pernottamento in camera doppia a Milano<\/li>\r\n \t<li>prima colazione alle 5:00 il giorno della gara con rinforzo di carboidrati<\/li>\r\n \t<li>trasporto bagagli dalla partenza a Sanremo<\/li>\r\n \t<li>pasta party<\/li>\r\n \t<li>trasporto dall\u2019arrivo all\u2019hotel a Sanremo, compresa la bici<\/li>\r\n \t<li>cena e pernottamento in camera doppia a Sanremo<\/li>\r\n \t<li>prima colazione<\/li>\r\n \t<li>transfer dall\u2019hotel a Sanremo all\u2019aeroporto di Nizza, compresa la bici<\/li>\r\n<\/ul>\r\n[tabby title=\"La quota non comprende\"]\r\n\r\nLa quota non comprende:\r\n<ul>\r\n \t<li>i voli a\/r<\/li>\r\n \t<li>tutto ci\u00f2 che non \u00e8 indicato ne \u201cla quota comprende\u201d<\/li>\r\n<\/ul>\r\n[tabby title=\"Servizi su richiesta\"]\r\n\r\nServizi su richiesta:\r\n<ul>\r\n \t<li>sistemazione in camera singola o camera multipla<\/li>\r\n \t<li>eventuali estensioni del soggiorno<\/li>\r\n<\/ul>\r\n<h4>Il pacchetto proposto \u00e8 personalizzabile secondo le tue esigenze.\r\nRichiedi informazioni e quotazione oggi stesso !<\/h4>\r\n[tabbyending]","_et_gb_content_width":"","_mi_skip_tracking":false,"footnotes":""},"categories":[37],"tags":[28,79,80,31,81,26],"class_list":["post-1262","post","type-post","status-publish","format-standard","has-post-thumbnail","hentry","category-slider-2","tag-marathon","tag-ciclismo-su-strada-en","tag-granfondo-en","tag-italian-riviera","tag-riviera-ligure-en","tag-road-cycling"],"acf":[],"yoast_head":"<!-- This site is optimized with the Yoast SEO plugin v27.4 - https:\/\/yoast.com\/product\/yoast-seo-wordpress\/ -->\n<title>Granfondo Milan-San Remo Bike Race 2021 - GO CYCLING TRAVEL<\/title>\n<meta name=\"description\" content=\"Official Tour Operator of the Granfondo Milan San Remo: we offer packages with registration for the race, accommodation in Milan and San Remo plus services.\" \/>\n<meta name=\"robots\" content=\"index, follow, max-snippet:-1, max-image-preview:large, max-video-preview:-1\" \/>\n<link rel=\"canonical\" href=\"https:\/\/cyclingtravel.com\/en\/granfondo-milan-san-remo-bike-race-2021\/\" \/>\n<meta property=\"og:locale\" content=\"en_US\" \/>\n<meta property=\"og:type\" content=\"article\" \/>\n<meta property=\"og:title\" content=\"Granfondo Milan-San Remo Bike Race 2021 - GO CYCLING TRAVEL\" \/>\n<meta property=\"og:description\" content=\"Official Tour Operator of the Granfondo Milan San Remo: we offer packages with registration for the race, accommodation in Milan and San Remo plus services.\" \/>\n<meta property=\"og:url\" content=\"https:\/\/cyclingtravel.com\/en\/granfondo-milan-san-remo-bike-race-2021\/\" \/>\n<meta property=\"og:site_name\" content=\"GO CYCLING TRAVEL\" \/>\n<meta property=\"article:published_time\" content=\"2019-11-20T15:41:12+00:00\" \/>\n<meta property=\"article:modified_time\" content=\"2020-08-11T13:04:16+00:00\" \/>\n<meta property=\"og:image\" content=\"https:\/\/cyclingtravel.com\/wp-content\/uploads\/2012\/11\/granfondo-milano-sanremo1.jpg\" \/>\n\t<meta property=\"og:image:width\" content=\"980\" \/>\n\t<meta property=\"og:image:height\" content=\"360\" \/>\n\t<meta property=\"og:image:type\" content=\"image\/jpeg\" \/>\n<meta name=\"author\" content=\"vistm1\" \/>\n<meta name=\"twitter:card\" content=\"summary_large_image\" \/>\n<meta name=\"twitter:label1\" content=\"Written by\" \/>\n\t<meta name=\"twitter:data1\" content=\"vistm1\" \/>\n\t<meta name=\"twitter:label2\" content=\"Est. reading time\" \/>\n\t<meta name=\"twitter:data2\" content=\"4 minutes\" \/>\n<script type=\"application\/ld+json\" class=\"yoast-schema-graph\">{\"@context\":\"https:\\\/\\\/schema.org\",\"@graph\":[{\"@type\":\"Article\",\"@id\":\"https:\\\/\\\/cyclingtravel.com\\\/en\\\/granfondo-milan-san-remo-bike-race-2021\\\/#article\",\"isPartOf\":{\"@id\":\"https:\\\/\\\/cyclingtravel.com\\\/en\\\/granfondo-milan-san-remo-bike-race-2021\\\/\"},\"author\":{\"name\":\"vistm1\",\"@id\":\"https:\\\/\\\/cyclingtravel.com\\\/#\\\/schema\\\/person\\\/c089ed8a594ba594f7b347678b5b723f\"},\"headline\":\"Granfondo Milan-San Remo Bike Race 2021\",\"datePublished\":\"2019-11-20T15:41:12+00:00\",\"dateModified\":\"2020-08-11T13:04:16+00:00\",\"mainEntityOfPage\":{\"@id\":\"https:\\\/\\\/cyclingtravel.com\\\/en\\\/granfondo-milan-san-remo-bike-race-2021\\\/\"},\"wordCount\":887,\"image\":{\"@id\":\"https:\\\/\\\/cyclingtravel.com\\\/en\\\/granfondo-milan-san-remo-bike-race-2021\\\/#primaryimage\"},\"thumbnailUrl\":\"http:\\\/\\\/cyclingtravel.com\\\/wp-content\\\/uploads\\\/2012\\\/11\\\/granfondo-milano-sanremo1.jpg\",\"keywords\":[\"Bike Marathon\",\"ciclismo su strada\",\"granfondo\",\"Italian Riviera\",\"riviera ligure\",\"Road Cycling\"],\"articleSection\":[\"Slider @en\"],\"inLanguage\":\"en-US\"},{\"@type\":\"WebPage\",\"@id\":\"https:\\\/\\\/cyclingtravel.com\\\/en\\\/granfondo-milan-san-remo-bike-race-2021\\\/\",\"url\":\"https:\\\/\\\/cyclingtravel.com\\\/en\\\/granfondo-milan-san-remo-bike-race-2021\\\/\",\"name\":\"Granfondo Milan-San Remo Bike Race 2021 - GO CYCLING TRAVEL\",\"isPartOf\":{\"@id\":\"https:\\\/\\\/cyclingtravel.com\\\/#website\"},\"primaryImageOfPage\":{\"@id\":\"https:\\\/\\\/cyclingtravel.com\\\/en\\\/granfondo-milan-san-remo-bike-race-2021\\\/#primaryimage\"},\"image\":{\"@id\":\"https:\\\/\\\/cyclingtravel.com\\\/en\\\/granfondo-milan-san-remo-bike-race-2021\\\/#primaryimage\"},\"thumbnailUrl\":\"http:\\\/\\\/cyclingtravel.com\\\/wp-content\\\/uploads\\\/2012\\\/11\\\/granfondo-milano-sanremo1.jpg\",\"datePublished\":\"2019-11-20T15:41:12+00:00\",\"dateModified\":\"2020-08-11T13:04:16+00:00\",\"author\":{\"@id\":\"https:\\\/\\\/cyclingtravel.com\\\/#\\\/schema\\\/person\\\/c089ed8a594ba594f7b347678b5b723f\"},\"description\":\"Official Tour Operator of the Granfondo Milan San Remo: we offer packages with registration for the race, accommodation in Milan and San Remo plus services.\",\"breadcrumb\":{\"@id\":\"https:\\\/\\\/cyclingtravel.com\\\/en\\\/granfondo-milan-san-remo-bike-race-2021\\\/#breadcrumb\"},\"inLanguage\":\"en-US\",\"potentialAction\":[{\"@type\":\"ReadAction\",\"target\":[\"https:\\\/\\\/cyclingtravel.com\\\/en\\\/granfondo-milan-san-remo-bike-race-2021\\\/\"]}]},{\"@type\":\"ImageObject\",\"inLanguage\":\"en-US\",\"@id\":\"https:\\\/\\\/cyclingtravel.com\\\/en\\\/granfondo-milan-san-remo-bike-race-2021\\\/#primaryimage\",\"url\":\"http:\\\/\\\/cyclingtravel.com\\\/wp-content\\\/uploads\\\/2012\\\/11\\\/granfondo-milano-sanremo1.jpg\",\"contentUrl\":\"http:\\\/\\\/cyclingtravel.com\\\/wp-content\\\/uploads\\\/2012\\\/11\\\/granfondo-milano-sanremo1.jpg\",\"width\":\"980\",\"height\":\"360\"},{\"@type\":\"BreadcrumbList\",\"@id\":\"https:\\\/\\\/cyclingtravel.com\\\/en\\\/granfondo-milan-san-remo-bike-race-2021\\\/#breadcrumb\",\"itemListElement\":[{\"@type\":\"ListItem\",\"position\":1,\"name\":\"Home\",\"item\":\"https:\\\/\\\/cyclingtravel.com\\\/en\\\/\"},{\"@type\":\"ListItem\",\"position\":2,\"name\":\"Granfondo Milan-San Remo Bike Race 2021\"}]},{\"@type\":\"WebSite\",\"@id\":\"https:\\\/\\\/cyclingtravel.com\\\/#website\",\"url\":\"https:\\\/\\\/cyclingtravel.com\\\/\",\"name\":\"GO CYCLING TRAVEL\",\"description\":\"GRANFONDO IN ITALIA E IN EUROPA\",\"potentialAction\":[{\"@type\":\"SearchAction\",\"target\":{\"@type\":\"EntryPoint\",\"urlTemplate\":\"https:\\\/\\\/cyclingtravel.com\\\/?s={search_term_string}\"},\"query-input\":{\"@type\":\"PropertyValueSpecification\",\"valueRequired\":true,\"valueName\":\"search_term_string\"}}],\"inLanguage\":\"en-US\"},{\"@type\":\"Person\",\"@id\":\"https:\\\/\\\/cyclingtravel.com\\\/#\\\/schema\\\/person\\\/c089ed8a594ba594f7b347678b5b723f\",\"name\":\"vistm1\",\"image\":{\"@type\":\"ImageObject\",\"inLanguage\":\"en-US\",\"@id\":\"https:\\\/\\\/secure.gravatar.com\\\/avatar\\\/f7a5868e5bab01769ba9e8d575a8e64c7b2565c93e480cff0ab08e82e18f9ab1?s=96&d=mm&r=g\",\"url\":\"https:\\\/\\\/secure.gravatar.com\\\/avatar\\\/f7a5868e5bab01769ba9e8d575a8e64c7b2565c93e480cff0ab08e82e18f9ab1?s=96&d=mm&r=g\",\"contentUrl\":\"https:\\\/\\\/secure.gravatar.com\\\/avatar\\\/f7a5868e5bab01769ba9e8d575a8e64c7b2565c93e480cff0ab08e82e18f9ab1?s=96&d=mm&r=g\",\"caption\":\"vistm1\"},\"url\":\"http:\\\/\\\/cyclingtravel.com\\\/en\\\/author\\\/vistm1\\\/\"}]}<\/script>\n<!-- \/ Yoast SEO plugin. -->","yoast_head_json":{"title":"Granfondo Milan-San Remo Bike Race 2021 - GO CYCLING TRAVEL","description":"Official Tour Operator of the Granfondo Milan San Remo: we offer packages with registration for the race, accommodation in Milan and San Remo plus services.","robots":{"index":"index","follow":"follow","max-snippet":"max-snippet:-1","max-image-preview":"max-image-preview:large","max-video-preview":"max-video-preview:-1"},"canonical":"https:\/\/cyclingtravel.com\/en\/granfondo-milan-san-remo-bike-race-2021\/","og_locale":"en_US","og_type":"article","og_title":"Granfondo Milan-San Remo Bike Race 2021 - GO CYCLING TRAVEL","og_description":"Official Tour Operator of the Granfondo Milan San Remo: we offer packages with registration for the race, accommodation in Milan and San Remo plus services.","og_url":"https:\/\/cyclingtravel.com\/en\/granfondo-milan-san-remo-bike-race-2021\/","og_site_name":"GO CYCLING TRAVEL","article_published_time":"2019-11-20T15:41:12+00:00","article_modified_time":"2020-08-11T13:04:16+00:00","og_image":[{"width":980,"height":360,"url":"https:\/\/cyclingtravel.com\/wp-content\/uploads\/2012\/11\/granfondo-milano-sanremo1.jpg","type":"image\/jpeg"}],"author":"vistm1","twitter_card":"summary_large_image","twitter_misc":{"Written by":"vistm1","Est. reading time":"4 minutes"},"schema":{"@context":"https:\/\/schema.org","@graph":[{"@type":"Article","@id":"https:\/\/cyclingtravel.com\/en\/granfondo-milan-san-remo-bike-race-2021\/#article","isPartOf":{"@id":"https:\/\/cyclingtravel.com\/en\/granfondo-milan-san-remo-bike-race-2021\/"},"author":{"name":"vistm1","@id":"https:\/\/cyclingtravel.com\/#\/schema\/person\/c089ed8a594ba594f7b347678b5b723f"},"headline":"Granfondo Milan-San Remo Bike Race 2021","datePublished":"2019-11-20T15:41:12+00:00","dateModified":"2020-08-11T13:04:16+00:00","mainEntityOfPage":{"@id":"https:\/\/cyclingtravel.com\/en\/granfondo-milan-san-remo-bike-race-2021\/"},"wordCount":887,"image":{"@id":"https:\/\/cyclingtravel.com\/en\/granfondo-milan-san-remo-bike-race-2021\/#primaryimage"},"thumbnailUrl":"http:\/\/cyclingtravel.com\/wp-content\/uploads\/2012\/11\/granfondo-milano-sanremo1.jpg","keywords":["Bike Marathon","ciclismo su strada","granfondo","Italian Riviera","riviera ligure","Road Cycling"],"articleSection":["Slider @en"],"inLanguage":"en-US"},{"@type":"WebPage","@id":"https:\/\/cyclingtravel.com\/en\/granfondo-milan-san-remo-bike-race-2021\/","url":"https:\/\/cyclingtravel.com\/en\/granfondo-milan-san-remo-bike-race-2021\/","name":"Granfondo Milan-San Remo Bike Race 2021 - GO CYCLING TRAVEL","isPartOf":{"@id":"https:\/\/cyclingtravel.com\/#website"},"primaryImageOfPage":{"@id":"https:\/\/cyclingtravel.com\/en\/granfondo-milan-san-remo-bike-race-2021\/#primaryimage"},"image":{"@id":"https:\/\/cyclingtravel.com\/en\/granfondo-milan-san-remo-bike-race-2021\/#primaryimage"},"thumbnailUrl":"http:\/\/cyclingtravel.com\/wp-content\/uploads\/2012\/11\/granfondo-milano-sanremo1.jpg","datePublished":"2019-11-20T15:41:12+00:00","dateModified":"2020-08-11T13:04:16+00:00","author":{"@id":"https:\/\/cyclingtravel.com\/#\/schema\/person\/c089ed8a594ba594f7b347678b5b723f"},"description":"Official Tour Operator of the Granfondo Milan San Remo: we offer packages with registration for the race, accommodation in Milan and San Remo plus services.","breadcrumb":{"@id":"https:\/\/cyclingtravel.com\/en\/granfondo-milan-san-remo-bike-race-2021\/#breadcrumb"},"inLanguage":"en-US","potentialAction":[{"@type":"ReadAction","target":["https:\/\/cyclingtravel.com\/en\/granfondo-milan-san-remo-bike-race-2021\/"]}]},{"@type":"ImageObject","inLanguage":"en-US","@id":"https:\/\/cyclingtravel.com\/en\/granfondo-milan-san-remo-bike-race-2021\/#primaryimage","url":"http:\/\/cyclingtravel.com\/wp-content\/uploads\/2012\/11\/granfondo-milano-sanremo1.jpg","contentUrl":"http:\/\/cyclingtravel.com\/wp-content\/uploads\/2012\/11\/granfondo-milano-sanremo1.jpg","width":"980","height":"360"},{"@type":"BreadcrumbList","@id":"https:\/\/cyclingtravel.com\/en\/granfondo-milan-san-remo-bike-race-2021\/#breadcrumb","itemListElement":[{"@type":"ListItem","position":1,"name":"Home","item":"https:\/\/cyclingtravel.com\/en\/"},{"@type":"ListItem","position":2,"name":"Granfondo Milan-San Remo Bike Race 2021"}]},{"@type":"WebSite","@id":"https:\/\/cyclingtravel.com\/#website","url":"https:\/\/cyclingtravel.com\/","name":"GO CYCLING TRAVEL","description":"GRANFONDO IN ITALIA E IN EUROPA","potentialAction":[{"@type":"SearchAction","target":{"@type":"EntryPoint","urlTemplate":"https:\/\/cyclingtravel.com\/?s={search_term_string}"},"query-input":{"@type":"PropertyValueSpecification","valueRequired":true,"valueName":"search_term_string"}}],"inLanguage":"en-US"},{"@type":"Person","@id":"https:\/\/cyclingtravel.com\/#\/schema\/person\/c089ed8a594ba594f7b347678b5b723f","name":"vistm1","image":{"@type":"ImageObject","inLanguage":"en-US","@id":"https:\/\/secure.gravatar.com\/avatar\/f7a5868e5bab01769ba9e8d575a8e64c7b2565c93e480cff0ab08e82e18f9ab1?s=96&d=mm&r=g","url":"https:\/\/secure.gravatar.com\/avatar\/f7a5868e5bab01769ba9e8d575a8e64c7b2565c93e480cff0ab08e82e18f9ab1?s=96&d=mm&r=g","contentUrl":"https:\/\/secure.gravatar.com\/avatar\/f7a5868e5bab01769ba9e8d575a8e64c7b2565c93e480cff0ab08e82e18f9ab1?s=96&d=mm&r=g","caption":"vistm1"},"url":"http:\/\/cyclingtravel.com\/en\/author\/vistm1\/"}]}},"_links":{"self":[{"href":"http:\/\/cyclingtravel.com\/en\/wp-json\/wp\/v2\/posts\/1262","targetHints":{"allow":["GET"]}}],"collection":[{"href":"http:\/\/cyclingtravel.com\/en\/wp-json\/wp\/v2\/posts"}],"about":[{"href":"http:\/\/cyclingtravel.com\/en\/wp-json\/wp\/v2\/types\/post"}],"author":[{"embeddable":true,"href":"http:\/\/cyclingtravel.com\/en\/wp-json\/wp\/v2\/users\/1"}],"replies":[{"embeddable":true,"href":"http:\/\/cyclingtravel.com\/en\/wp-json\/wp\/v2\/comments?post=1262"}],"version-history":[{"count":3,"href":"http:\/\/cyclingtravel.com\/en\/wp-json\/wp\/v2\/posts\/1262\/revisions"}],"predecessor-version":[{"id":1389,"href":"http:\/\/cyclingtravel.com\/en\/wp-json\/wp\/v2\/posts\/1262\/revisions\/1389"}],"wp:featuredmedia":[{"embeddable":true,"href":"http:\/\/cyclingtravel.com\/en\/wp-json\/wp\/v2\/media\/1244"}],"wp:attachment":[{"href":"http:\/\/cyclingtravel.com\/en\/wp-json\/wp\/v2\/media?parent=1262"}],"wp:term":[{"taxonomy":"category","embeddable":true,"href":"http:\/\/cyclingtravel.com\/en\/wp-json\/wp\/v2\/categories?post=1262"},{"taxonomy":"post_tag","embeddable":true,"href":"http:\/\/cyclingtravel.com\/en\/wp-json\/wp\/v2\/tags?post=1262"}],"curies":[{"name":"wp","href":"https:\/\/api.w.org\/{rel}","templated":true}]}}